{"id":1918,"date":"2023-05-06T06:11:43","date_gmt":"2023-05-06T06:11:43","guid":{"rendered":"https:\/\/cmcradio.fr\/?p=1918"},"modified":"2023-05-06T06:12:53","modified_gmt":"2023-05-06T06:12:53","slug":"stephane-carre-aux-origines-du-centre-medical-du-chablais","status":"publish","type":"post","link":"https:\/\/cmcradio.fr\/en\/stephane-carre-aux-origines-du-centre-medical-du-chablais\/","title":{"rendered":"St\u00e9phane Carr\u00e9, aux origines du Centre m\u00e9dical du Chablais"},"content":{"rendered":"<p>Le radiologue St\u00e9phane Carr\u00e9 a pos\u00e9 ses valises dans le Chablais en 2008. Rapidement, il s&rsquo;est associ\u00e9 \u00e0 3 autres professionnels de sant\u00e9 pour lancer le projet de Centre m\u00e9dical du Chablais. Un second b\u00e2timent a ouvert ses portes en f\u00e9vrier 2023.<\/p>\n<p><a href=\"https:\/\/octopus.saooti.com\/main\/pub\/podcast\/163883?productor=32faa6ce-2c7b-4258-bd71-2152bc6f7895\" target=\"_blank\" rel=\"noopener\">https:\/\/octopus.saooti.com\/main\/pub\/podcast\/163883?productor=32faa6ce-2c7b-4258-bd71-2152bc6f7895<\/a><\/p>","protected":false},"excerpt":{"rendered":"<p>Le radiologue St\u00e9phane Carr\u00e9 a pos\u00e9 ses valises dans le Chablais en 2008. Rapidement, il s&rsquo;est associ\u00e9 \u00e0 3 autres professionnels de sant\u00e9 pour lancer le projet de Centre m\u00e9dical du Chablais. Un second b\u00e2timent a ouvert ses portes en f\u00e9vrier 2023. https:\/\/octopus.saooti.com\/main\/pub\/podcast\/163883?productor=32faa6ce-2c7b-4258-bd71-2152bc6f7895<\/p>","protected":false},"author":1,"featured_media":1919,"comment_status":"open","ping_status":"open","sticky":false,"template":"","format":"standard","meta":{"footnotes":""},"categories":[9],"tags":[],"class_list":["post-1918","post","type-post","status-publish","format-standard","has-post-thumbnail","hentry","category-blog"],"_links":{"self":[{"href":"https:\/\/cmcradio.fr\/en\/wp-json\/wp\/v2\/posts\/1918","targetHints":{"allow":["GET"]}}],"collection":[{"href":"https:\/\/cmcradio.fr\/en\/wp-json\/wp\/v2\/posts"}],"about":[{"href":"https:\/\/cmcradio.fr\/en\/wp-json\/wp\/v2\/types\/post"}],"author":[{"embeddable":true,"href":"https:\/\/cmcradio.fr\/en\/wp-json\/wp\/v2\/users\/1"}],"replies":[{"embeddable":true,"href":"https:\/\/cmcradio.fr\/en\/wp-json\/wp\/v2\/comments?post=1918"}],"version-history":[{"count":0,"href":"https:\/\/cmcradio.fr\/en\/wp-json\/wp\/v2\/posts\/1918\/revisions"}],"wp:featuredmedia":[{"embeddable":true,"href":"https:\/\/cmcradio.fr\/en\/wp-json\/wp\/v2\/media\/1919"}],"wp:attachment":[{"href":"https:\/\/cmcradio.fr\/en\/wp-json\/wp\/v2\/media?parent=1918"}],"wp:term":[{"taxonomy":"category","embeddable":true,"href":"https:\/\/cmcradio.fr\/en\/wp-json\/wp\/v2\/categories?post=1918"},{"taxonomy":"post_tag","embeddable":true,"href":"https:\/\/cmcradio.fr\/en\/wp-json\/wp\/v2\/tags?post=1918"}],"curies":[{"name":"wp","href":"https:\/\/api.w.org\/{rel}","templated":true}]}}